{"id":3504,"count":0,"description":"<strong>Omikron<\/strong>\n\nConteneurs Omikron adapt\u00e9s \u00e0 la manutention et au stockage. R\u00e9sistent \u00e0 des temp\u00e9ratures comprises entre -10\u00b0C et 100\u00b0C. Ils sont ins\u00e9rables et vides, ils r\u00e9duisent l'encombrement.\n\n\u00a0","link":"https:\/\/www.interbox.ch\/contenitori\/fr\/categoria-prodotto\/conteneurs-multifonction\/omikron-fr\/","name":"Omikron","slug":"omikron-fr","taxonomy":"product_cat","parent":3377,"meta":[],"acf":[],"yoast_head":"<!-- This site is optimized with the Yoast SEO plugin v19.1 - https:\/\/yoast.com\/wordpress\/plugins\/seo\/ -->\n<title>Omikron - Interbox - Contenitori<\/title>\n<meta name=\"robots\" content=\"index, follow, max-snippet:-1, max-image-preview:large, max-video-preview:-1\" \/>\n<link rel=\"canonical\" href=\"https:\/\/www.interbox.ch\/contenitori\/fr\/categoria-prodotto\/conteneurs-multifonction\/omikron-fr\/\" \/>\n<meta property=\"og:locale\" content=\"fr_FR\" \/>\n<meta property=\"og:type\" content=\"article\" \/>\n<meta property=\"og:title\" content=\"Omikron - Interbox - Contenitori\" \/>\n<meta property=\"og:description\" content=\"Omikron Conteneurs Omikron adapt\u00e9s \u00e0 la manutention et au stockage. R\u00e9sistent \u00e0 des temp\u00e9ratures comprises entre -10\u00b0C et 100\u00b0C. Ils sont ins\u00e9rables et vides, ils r\u00e9duisent l&#8217;encombrement. \u00a0\" \/>\n<meta property=\"og:url\" content=\"https:\/\/www.interbox.ch\/contenitori\/fr\/categoria-prodotto\/conteneurs-multifonction\/omikron-fr\/\" \/>\n<meta property=\"og:site_name\" content=\"Interbox - Contenitori\" \/>\n<meta name=\"twitter:card\" content=\"summary_large_image\" \/>\n<script type=\"application\/ld+json\" class=\"yoast-schema-graph\">{\"@context\":\"https:\/\/schema.org\",\"@graph\":[{\"@type\":\"Organization\",\"@id\":\"https:\/\/www.interbox.ch\/contenitori\/fr\/#organization\",\"name\":\"Interbox\",\"url\":\"https:\/\/www.interbox.ch\/contenitori\/fr\/\",\"sameAs\":[\"https:\/\/www.instagram.com\/martinialfredo_spa\/\",\"https:\/\/www.youtube.com\/channel\/UCUzuZc9hYH9KN1iUYs3iiOg\"],\"logo\":{\"@type\":\"ImageObject\",\"inLanguage\":\"fr-FR\",\"@id\":\"https:\/\/www.interbox.ch\/contenitori\/fr\/#\/schema\/logo\/image\/\",\"url\":\"https:\/\/www.interbox.ch\/contenitori\/wp-content\/uploads\/2022\/03\/logo.png\",\"contentUrl\":\"https:\/\/www.interbox.ch\/contenitori\/wp-content\/uploads\/2022\/03\/logo.png\",\"width\":219,\"height\":141,\"caption\":\"Interbox\"},\"image\":{\"@id\":\"https:\/\/www.interbox.ch\/contenitori\/fr\/#\/schema\/logo\/image\/\"}},{\"@type\":\"WebSite\",\"@id\":\"https:\/\/www.interbox.ch\/contenitori\/fr\/#website\",\"url\":\"https:\/\/www.interbox.ch\/contenitori\/fr\/\",\"name\":\"Interbox - Contenitori\",\"description\":\"\",\"publisher\":{\"@id\":\"https:\/\/www.interbox.ch\/contenitori\/fr\/#organization\"},\"potentialAction\":[{\"@type\":\"SearchAction\",\"target\":{\"@type\":\"EntryPoint\",\"urlTemplate\":\"https:\/\/www.interbox.ch\/contenitori\/fr\/?s={search_term_string}\"},\"query-input\":\"required name=search_term_string\"}],\"inLanguage\":\"fr-FR\"},{\"@type\":\"CollectionPage\",\"@id\":\"https:\/\/www.interbox.ch\/contenitori\/fr\/categoria-prodotto\/conteneurs-multifonction\/omikron-fr\/#webpage\",\"url\":\"https:\/\/www.interbox.ch\/contenitori\/fr\/categoria-prodotto\/conteneurs-multifonction\/omikron-fr\/\",\"name\":\"Omikron - Interbox - Contenitori\",\"isPartOf\":{\"@id\":\"https:\/\/www.interbox.ch\/contenitori\/fr\/#website\"},\"breadcrumb\":{\"@id\":\"https:\/\/www.interbox.ch\/contenitori\/fr\/categoria-prodotto\/conteneurs-multifonction\/omikron-fr\/#breadcrumb\"},\"inLanguage\":\"fr-FR\",\"potentialAction\":[{\"@type\":\"ReadAction\",\"target\":[\"https:\/\/www.interbox.ch\/contenitori\/fr\/categoria-prodotto\/conteneurs-multifonction\/omikron-fr\/\"]}]},{\"@type\":\"BreadcrumbList\",\"@id\":\"https:\/\/www.interbox.ch\/contenitori\/fr\/categoria-prodotto\/conteneurs-multifonction\/omikron-fr\/#breadcrumb\",\"itemListElement\":[{\"@type\":\"ListItem\",\"position\":1,\"name\":\"Home\",\"item\":\"https:\/\/www.interbox.ch\/contenitori\/fr\/\"},{\"@type\":\"ListItem\",\"position\":2,\"name\":\"Conteneurs multifonction\",\"item\":\"https:\/\/www.interbox.ch\/contenitori\/fr\/categoria-prodotto\/conteneurs-multifonction\/\"},{\"@type\":\"ListItem\",\"position\":3,\"name\":\"Omikron\"}]}]}<\/script>\n<!-- \/ Yoast SEO plugin. -->","yoast_head_json":{"title":"Omikron - Interbox - Contenitori","robots":{"index":"index","follow":"follow","max-snippet":"max-snippet:-1","max-image-preview":"max-image-preview:large","max-video-preview":"max-video-preview:-1"},"canonical":"https:\/\/www.interbox.ch\/contenitori\/fr\/categoria-prodotto\/conteneurs-multifonction\/omikron-fr\/","og_locale":"fr_FR","og_type":"article","og_title":"Omikron - Interbox - Contenitori","og_description":"Omikron Conteneurs Omikron adapt\u00e9s \u00e0 la manutention et au stockage. R\u00e9sistent \u00e0 des temp\u00e9ratures comprises entre -10\u00b0C et 100\u00b0C. Ils sont ins\u00e9rables et vides, ils r\u00e9duisent l&#8217;encombrement. \u00a0","og_url":"https:\/\/www.interbox.ch\/contenitori\/fr\/categoria-prodotto\/conteneurs-multifonction\/omikron-fr\/","og_site_name":"Interbox - Contenitori","twitter_card":"summary_large_image","schema":{"@context":"https:\/\/schema.org","@graph":[{"@type":"Organization","@id":"https:\/\/www.interbox.ch\/contenitori\/fr\/#organization","name":"Interbox","url":"https:\/\/www.interbox.ch\/contenitori\/fr\/","sameAs":["https:\/\/www.instagram.com\/martinialfredo_spa\/","https:\/\/www.youtube.com\/channel\/UCUzuZc9hYH9KN1iUYs3iiOg"],"logo":{"@type":"ImageObject","inLanguage":"fr-FR","@id":"https:\/\/www.interbox.ch\/contenitori\/fr\/#\/schema\/logo\/image\/","url":"https:\/\/www.interbox.ch\/contenitori\/wp-content\/uploads\/2022\/03\/logo.png","contentUrl":"https:\/\/www.interbox.ch\/contenitori\/wp-content\/uploads\/2022\/03\/logo.png","width":219,"height":141,"caption":"Interbox"},"image":{"@id":"https:\/\/www.interbox.ch\/contenitori\/fr\/#\/schema\/logo\/image\/"}},{"@type":"WebSite","@id":"https:\/\/www.interbox.ch\/contenitori\/fr\/#website","url":"https:\/\/www.interbox.ch\/contenitori\/fr\/","name":"Interbox - Contenitori","description":"","publisher":{"@id":"https:\/\/www.interbox.ch\/contenitori\/fr\/#organization"},"potentialAction":[{"@type":"SearchAction","target":{"@type":"EntryPoint","urlTemplate":"https:\/\/www.interbox.ch\/contenitori\/fr\/?s={search_term_string}"},"query-input":"required name=search_term_string"}],"inLanguage":"fr-FR"},{"@type":"CollectionPage","@id":"https:\/\/www.interbox.ch\/contenitori\/fr\/categoria-prodotto\/conteneurs-multifonction\/omikron-fr\/#webpage","url":"https:\/\/www.interbox.ch\/contenitori\/fr\/categoria-prodotto\/conteneurs-multifonction\/omikron-fr\/","name":"Omikron - Interbox - Contenitori","isPartOf":{"@id":"https:\/\/www.interbox.ch\/contenitori\/fr\/#website"},"breadcrumb":{"@id":"https:\/\/www.interbox.ch\/contenitori\/fr\/categoria-prodotto\/conteneurs-multifonction\/omikron-fr\/#breadcrumb"},"inLanguage":"fr-FR","potentialAction":[{"@type":"ReadAction","target":["https:\/\/www.interbox.ch\/contenitori\/fr\/categoria-prodotto\/conteneurs-multifonction\/omikron-fr\/"]}]},{"@type":"BreadcrumbList","@id":"https:\/\/www.interbox.ch\/contenitori\/fr\/categoria-prodotto\/conteneurs-multifonction\/omikron-fr\/#breadcrumb","itemListElement":[{"@type":"ListItem","position":1,"name":"Home","item":"https:\/\/www.interbox.ch\/contenitori\/fr\/"},{"@type":"ListItem","position":2,"name":"Conteneurs multifonction","item":"https:\/\/www.interbox.ch\/contenitori\/fr\/categoria-prodotto\/conteneurs-multifonction\/"},{"@type":"ListItem","position":3,"name":"Omikron"}]}]}},"_links":{"self":[{"href":"https:\/\/www.interbox.ch\/contenitori\/fr\/wp-json\/wp\/v2\/product_cat\/3504","targetHints":{"allow":["GET"]}}],"collection":[{"href":"https:\/\/www.interbox.ch\/contenitori\/fr\/wp-json\/wp\/v2\/product_cat"}],"about":[{"href":"https:\/\/www.interbox.ch\/contenitori\/fr\/wp-json\/wp\/v2\/taxonomies\/product_cat"}],"up":[{"embeddable":true,"href":"https:\/\/www.interbox.ch\/contenitori\/fr\/wp-json\/wp\/v2\/product_cat\/3377"}],"wp:post_type":[{"href":"https:\/\/www.interbox.ch\/contenitori\/fr\/wp-json\/wp\/v2\/product?product_cat=3504"}],"curies":[{"name":"wp","href":"https:\/\/api.w.org\/{rel}","templated":true}]}}