{"id":2428,"count":0,"description":"<strong>K\u00e4mme und Teiler optimieren <\/strong> die Lagerung der Serien Delta Mec 300 \u00d7 200, 400 \u00d7 300 und 600 \u00d7 400. Das interne Ladevolumen kann in unterschiedlich gro\u00dfe F\u00e4cher unterteilt werden.","link":"https:\/\/www.interbox.ch\/contenitori\/de\/categoria-prodotto\/mehrzweckbehaelter\/kaemme-und-teiler\/","name":"K\u00e4mme und Teiler","slug":"kaemme-und-teiler","taxonomy":"product_cat","parent":2286,"meta":[],"acf":[],"yoast_head":"<!-- This site is optimized with the Yoast SEO plugin v19.1 - https:\/\/yoast.com\/wordpress\/plugins\/seo\/ -->\n<title>K\u00e4mme und Teiler Archiv - Interbox - Contenitori<\/title>\n<meta name=\"robots\" content=\"index, follow, max-snippet:-1, max-image-preview:large, max-video-preview:-1\" \/>\n<link rel=\"canonical\" href=\"https:\/\/www.interbox.ch\/contenitori\/de\/categoria-prodotto\/mehrzweckbehaelter\/kaemme-und-teiler\/\" \/>\n<meta property=\"og:locale\" content=\"de_DE\" \/>\n<meta property=\"og:type\" content=\"article\" \/>\n<meta property=\"og:title\" content=\"K\u00e4mme und Teiler Archiv - Interbox - Contenitori\" \/>\n<meta property=\"og:description\" content=\"K\u00e4mme und Teiler optimieren die Lagerung der Serien Delta Mec 300 \u00d7 200, 400 \u00d7 300 und 600 \u00d7 400. Das interne Ladevolumen kann in unterschiedlich gro\u00dfe F\u00e4cher unterteilt werden.\" \/>\n<meta property=\"og:url\" content=\"https:\/\/www.interbox.ch\/contenitori\/de\/categoria-prodotto\/mehrzweckbehaelter\/kaemme-und-teiler\/\" \/>\n<meta property=\"og:site_name\" content=\"Interbox - Contenitori\" \/>\n<meta name=\"twitter:card\" content=\"summary_large_image\" \/>\n<script type=\"application\/ld+json\" class=\"yoast-schema-graph\">{\"@context\":\"https:\/\/schema.org\",\"@graph\":[{\"@type\":\"Organization\",\"@id\":\"https:\/\/www.interbox.ch\/contenitori\/de\/#organization\",\"name\":\"Interbox\",\"url\":\"https:\/\/www.interbox.ch\/contenitori\/de\/\",\"sameAs\":[\"https:\/\/www.instagram.com\/martinialfredo_spa\/\",\"https:\/\/www.youtube.com\/channel\/UCUzuZc9hYH9KN1iUYs3iiOg\"],\"logo\":{\"@type\":\"ImageObject\",\"inLanguage\":\"de\",\"@id\":\"https:\/\/www.interbox.ch\/contenitori\/de\/#\/schema\/logo\/image\/\",\"url\":\"https:\/\/www.interbox.ch\/contenitori\/wp-content\/uploads\/2022\/03\/logo.png\",\"contentUrl\":\"https:\/\/www.interbox.ch\/contenitori\/wp-content\/uploads\/2022\/03\/logo.png\",\"width\":219,\"height\":141,\"caption\":\"Interbox\"},\"image\":{\"@id\":\"https:\/\/www.interbox.ch\/contenitori\/de\/#\/schema\/logo\/image\/\"}},{\"@type\":\"WebSite\",\"@id\":\"https:\/\/www.interbox.ch\/contenitori\/de\/#website\",\"url\":\"https:\/\/www.interbox.ch\/contenitori\/de\/\",\"name\":\"Interbox - Contenitori\",\"description\":\"\",\"publisher\":{\"@id\":\"https:\/\/www.interbox.ch\/contenitori\/de\/#organization\"},\"potentialAction\":[{\"@type\":\"SearchAction\",\"target\":{\"@type\":\"EntryPoint\",\"urlTemplate\":\"https:\/\/www.interbox.ch\/contenitori\/de\/?s={search_term_string}\"},\"query-input\":\"required name=search_term_string\"}],\"inLanguage\":\"de\"},{\"@type\":\"CollectionPage\",\"@id\":\"https:\/\/www.interbox.ch\/contenitori\/de\/categoria-prodotto\/mehrzweckbehaelter\/kaemme-und-teiler\/#webpage\",\"url\":\"https:\/\/www.interbox.ch\/contenitori\/de\/categoria-prodotto\/mehrzweckbehaelter\/kaemme-und-teiler\/\",\"name\":\"K\u00e4mme und Teiler Archiv - Interbox - Contenitori\",\"isPartOf\":{\"@id\":\"https:\/\/www.interbox.ch\/contenitori\/de\/#website\"},\"breadcrumb\":{\"@id\":\"https:\/\/www.interbox.ch\/contenitori\/de\/categoria-prodotto\/mehrzweckbehaelter\/kaemme-und-teiler\/#breadcrumb\"},\"inLanguage\":\"de\",\"potentialAction\":[{\"@type\":\"ReadAction\",\"target\":[\"https:\/\/www.interbox.ch\/contenitori\/de\/categoria-prodotto\/mehrzweckbehaelter\/kaemme-und-teiler\/\"]}]},{\"@type\":\"BreadcrumbList\",\"@id\":\"https:\/\/www.interbox.ch\/contenitori\/de\/categoria-prodotto\/mehrzweckbehaelter\/kaemme-und-teiler\/#breadcrumb\",\"itemListElement\":[{\"@type\":\"ListItem\",\"position\":1,\"name\":\"Home\",\"item\":\"https:\/\/www.interbox.ch\/contenitori\/de\/\"},{\"@type\":\"ListItem\",\"position\":2,\"name\":\"Mehrzweckbeh\u00e4lter\",\"item\":\"https:\/\/www.interbox.ch\/contenitori\/de\/categoria-prodotto\/mehrzweckbehaelter\/\"},{\"@type\":\"ListItem\",\"position\":3,\"name\":\"K\u00e4mme und Teiler\"}]}]}<\/script>\n<!-- \/ Yoast SEO plugin. -->","yoast_head_json":{"title":"K\u00e4mme und Teiler Archiv - Interbox - Contenitori","robots":{"index":"index","follow":"follow","max-snippet":"max-snippet:-1","max-image-preview":"max-image-preview:large","max-video-preview":"max-video-preview:-1"},"canonical":"https:\/\/www.interbox.ch\/contenitori\/de\/categoria-prodotto\/mehrzweckbehaelter\/kaemme-und-teiler\/","og_locale":"de_DE","og_type":"article","og_title":"K\u00e4mme und Teiler Archiv - Interbox - Contenitori","og_description":"K\u00e4mme und Teiler optimieren die Lagerung der Serien Delta Mec 300 \u00d7 200, 400 \u00d7 300 und 600 \u00d7 400. Das interne Ladevolumen kann in unterschiedlich gro\u00dfe F\u00e4cher unterteilt werden.","og_url":"https:\/\/www.interbox.ch\/contenitori\/de\/categoria-prodotto\/mehrzweckbehaelter\/kaemme-und-teiler\/","og_site_name":"Interbox - Contenitori","twitter_card":"summary_large_image","schema":{"@context":"https:\/\/schema.org","@graph":[{"@type":"Organization","@id":"https:\/\/www.interbox.ch\/contenitori\/de\/#organization","name":"Interbox","url":"https:\/\/www.interbox.ch\/contenitori\/de\/","sameAs":["https:\/\/www.instagram.com\/martinialfredo_spa\/","https:\/\/www.youtube.com\/channel\/UCUzuZc9hYH9KN1iUYs3iiOg"],"logo":{"@type":"ImageObject","inLanguage":"de","@id":"https:\/\/www.interbox.ch\/contenitori\/de\/#\/schema\/logo\/image\/","url":"https:\/\/www.interbox.ch\/contenitori\/wp-content\/uploads\/2022\/03\/logo.png","contentUrl":"https:\/\/www.interbox.ch\/contenitori\/wp-content\/uploads\/2022\/03\/logo.png","width":219,"height":141,"caption":"Interbox"},"image":{"@id":"https:\/\/www.interbox.ch\/contenitori\/de\/#\/schema\/logo\/image\/"}},{"@type":"WebSite","@id":"https:\/\/www.interbox.ch\/contenitori\/de\/#website","url":"https:\/\/www.interbox.ch\/contenitori\/de\/","name":"Interbox - Contenitori","description":"","publisher":{"@id":"https:\/\/www.interbox.ch\/contenitori\/de\/#organization"},"potentialAction":[{"@type":"SearchAction","target":{"@type":"EntryPoint","urlTemplate":"https:\/\/www.interbox.ch\/contenitori\/de\/?s={search_term_string}"},"query-input":"required name=search_term_string"}],"inLanguage":"de"},{"@type":"CollectionPage","@id":"https:\/\/www.interbox.ch\/contenitori\/de\/categoria-prodotto\/mehrzweckbehaelter\/kaemme-und-teiler\/#webpage","url":"https:\/\/www.interbox.ch\/contenitori\/de\/categoria-prodotto\/mehrzweckbehaelter\/kaemme-und-teiler\/","name":"K\u00e4mme und Teiler Archiv - Interbox - Contenitori","isPartOf":{"@id":"https:\/\/www.interbox.ch\/contenitori\/de\/#website"},"breadcrumb":{"@id":"https:\/\/www.interbox.ch\/contenitori\/de\/categoria-prodotto\/mehrzweckbehaelter\/kaemme-und-teiler\/#breadcrumb"},"inLanguage":"de","potentialAction":[{"@type":"ReadAction","target":["https:\/\/www.interbox.ch\/contenitori\/de\/categoria-prodotto\/mehrzweckbehaelter\/kaemme-und-teiler\/"]}]},{"@type":"BreadcrumbList","@id":"https:\/\/www.interbox.ch\/contenitori\/de\/categoria-prodotto\/mehrzweckbehaelter\/kaemme-und-teiler\/#breadcrumb","itemListElement":[{"@type":"ListItem","position":1,"name":"Home","item":"https:\/\/www.interbox.ch\/contenitori\/de\/"},{"@type":"ListItem","position":2,"name":"Mehrzweckbeh\u00e4lter","item":"https:\/\/www.interbox.ch\/contenitori\/de\/categoria-prodotto\/mehrzweckbehaelter\/"},{"@type":"ListItem","position":3,"name":"K\u00e4mme und Teiler"}]}]}},"_links":{"self":[{"href":"https:\/\/www.interbox.ch\/contenitori\/de\/wp-json\/wp\/v2\/product_cat\/2428","targetHints":{"allow":["GET"]}}],"collection":[{"href":"https:\/\/www.interbox.ch\/contenitori\/de\/wp-json\/wp\/v2\/product_cat"}],"about":[{"href":"https:\/\/www.interbox.ch\/contenitori\/de\/wp-json\/wp\/v2\/taxonomies\/product_cat"}],"up":[{"embeddable":true,"href":"https:\/\/www.interbox.ch\/contenitori\/de\/wp-json\/wp\/v2\/product_cat\/2286"}],"wp:post_type":[{"href":"https:\/\/www.interbox.ch\/contenitori\/de\/wp-json\/wp\/v2\/product?product_cat=2428"}],"curies":[{"name":"wp","href":"https:\/\/api.w.org\/{rel}","templated":true}]}}